{"id":11940,"date":"2026-03-13T11:34:00","date_gmt":"2026-03-13T10:34:00","guid":{"rendered":"https:\/\/utemassan.se\/?p=11940"},"modified":"2026-03-13T11:34:00","modified_gmt":"2026-03-13T10:34:00","slug":"utemassan-pausas-vi-laddar-om-infor-2027","status":"publish","type":"post","link":"https:\/\/utemassan.se\/sv\/utemassan-pausas-vi-laddar-om-infor-2027\/","title":{"rendered":"Utem\u00e4ssan pausas &#8211; vi laddar om inf\u00f6r 2027"},"content":{"rendered":"<p data-start=\"83\" data-end=\"149\">Hej!<br aria-hidden=\"true\" \/>Vi vill b\u00f6rja med att tacka er f\u00f6r ert f\u00f6rtroende och fina engagemang kring Utem\u00e4ssan.<br aria-hidden=\"true\" \/>Det betyder v\u00e4ldigt mycket f\u00f6r oss.<\/p>\n<p data-start=\"83\" data-end=\"149\"><br aria-hidden=\"true\" \/>Den m\u00e4ssa som vi genomf\u00f6rde v\u00e5ren 2025 tillsammans med alla samarbetspartners och utst\u00e4llare var f\u00f6r oss ett v\u00e4ldigt roligt och l\u00e4rorikt event och vi k\u00e4nde stor tacksamhet efter\u00e5t f\u00f6r alla h\u00e4rliga m\u00e4nniskor vi fick f\u00f6rm\u00e5nen att tr\u00e4ffa. Vi tog med oss m\u00e5nga saker fr\u00e5n den inf\u00f6r kommande m\u00e4ssor, som vi vill utveckla vidare och g\u00f6ra \u00e4nnu b\u00e4ttre.<\/p>\n<p data-start=\"83\" data-end=\"149\"><br aria-hidden=\"true\" \/>Under n\u00e5gra m\u00e5nader har vi jobbat p\u00e5 enligt plan f\u00f6r kommande m\u00e4ssa som vi planerat till sista helgen i maj. Det som vi tyv\u00e4rr har k\u00e4nt av \u00e4r att vi konkurrerar med liknande m\u00e4ssor under samma period och att det ekonomiska l\u00e4get f\u00f6r m\u00e5nga f\u00f6retag, g\u00f6r att vi inte har det antal samarbetspartners och utst\u00e4llare som vi k\u00e4nner att vi beh\u00f6ver f\u00f6r att kunna s\u00e4kerst\u00e4lla en \u00e4nnu b\u00e4ttre m\u00e4ssa i \u00e5r.<br aria-hidden=\"true\" \/>Vi vill vara tydliga med att bakgrunden till beslutet \u00e4r som tidigare n\u00e4mnts, en kombination av tidsm\u00e4ssiga utmaningar samt det r\u00e5dande ekonomiska l\u00e4get som lett till att vi har f\u00f6r l\u00e5gt antal deltagare nu, f\u00f6r att kunna s\u00e4kerst\u00e4lla att vi kan genomf\u00f6ra arrangemanget med den kvalitet och upplevelse vi vill st\u00e5 f\u00f6r. Sj\u00e4lvklart \u00e4r vi otroligt glada och tacksamma f\u00f6r er som redan anm\u00e4lt ert deltagande till \u00e5rets m\u00e4ssa och som sett fram emot den lika mycket som vi men sammantaget allt detta s\u00e5 har vi best\u00e4mt att inte genomf\u00f6ra \u00e5rets Utem\u00e4ssa.<\/p>\n<p data-start=\"83\" data-end=\"149\"><br aria-hidden=\"true\" \/>Detta \u00e4r sj\u00e4lvklart inget beslut vi tagit l\u00e4tt p\u00e5. V\u00e5r ambition \u00e4r alltid att leverera ett v\u00e4lorganiserat och v\u00e4rdeskapande event, och i nul\u00e4get ser vi tyv\u00e4rr inte att f\u00f6ruts\u00e4ttningarna finns f\u00f6r att g\u00f6ra det p\u00e5 ett s\u00e4tt som motsvarar b\u00e5de v\u00e5ra och era f\u00f6rv\u00e4ntningar.<br aria-hidden=\"true\" \/>Vi k\u00e4nner oss dock v\u00e4ldigt peppade att ladda om inf\u00f6r 2027 och kunna v\u00e4lkomna er d\u00e5 ist\u00e4llet.<\/p>\n<p>Har du n\u00e5gra fr\u00e5gor eller funderingar \u00e4r du varmt v\u00e4lkommen att h\u00f6ra av dig.<br aria-hidden=\"true\" \/>Tack f\u00f6r din f\u00f6rst\u00e5else!<\/p>\n<p data-start=\"1322\" data-end=\"1410\">\n","protected":false},"excerpt":{"rendered":"<p>Hej!Vi vill b\u00f6rja med att tacka er f\u00f6r ert f\u00f6rtroende och fina engagemang kring Utem\u00e4ssan.Det betyder v\u00e4ldigt mycket f\u00f6r oss. Den m\u00e4ssa som vi genomf\u00f6rde v\u00e5ren 2025 tillsammans med alla samarbetspartners och utst\u00e4llare var f\u00f6r oss ett v\u00e4ldigt roligt och l\u00e4rorikt event och vi k\u00e4nde stor tacksamhet efter\u00e5t f\u00f6r alla h\u00e4rliga m\u00e4nniskor vi fick f\u00f6rm\u00e5nen &#8230;<\/p>\n","protected":false},"author":10,"featured_media":11143,"comment_status":"closed","ping_status":"closed","sticky":false,"template":"","format":"standard","meta":{"inline_featured_image":false,"footnotes":""},"categories":[54],"tags":[],"_links":{"self":[{"href":"https:\/\/utemassan.se\/sv\/wp-json\/wp\/v2\/posts\/11940"}],"collection":[{"href":"https:\/\/utemassan.se\/sv\/wp-json\/wp\/v2\/posts"}],"about":[{"href":"https:\/\/utemassan.se\/sv\/wp-json\/wp\/v2\/types\/post"}],"author":[{"embeddable":true,"href":"https:\/\/utemassan.se\/sv\/wp-json\/wp\/v2\/users\/10"}],"replies":[{"embeddable":true,"href":"https:\/\/utemassan.se\/sv\/wp-json\/wp\/v2\/comments?post=11940"}],"version-history":[{"count":3,"href":"https:\/\/utemassan.se\/sv\/wp-json\/wp\/v2\/posts\/11940\/revisions"}],"predecessor-version":[{"id":11943,"href":"https:\/\/utemassan.se\/sv\/wp-json\/wp\/v2\/posts\/11940\/revisions\/11943"}],"wp:featuredmedia":[{"embeddable":true,"href":"https:\/\/utemassan.se\/sv\/wp-json\/wp\/v2\/media\/11143"}],"wp:attachment":[{"href":"https:\/\/utemassan.se\/sv\/wp-json\/wp\/v2\/media?parent=11940"}],"wp:term":[{"taxonomy":"category","embeddable":true,"href":"https:\/\/utemassan.se\/sv\/wp-json\/wp\/v2\/categories?post=11940"},{"taxonomy":"post_tag","embeddable":true,"href":"https:\/\/utemassan.se\/sv\/wp-json\/wp\/v2\/tags?post=11940"}],"curies":[{"name":"wp","href":"https:\/\/api.w.org\/{rel}","templated":true}]}}